{"id":356,"date":"2015-11-24T16:21:52","date_gmt":"2015-11-24T14:21:52","guid":{"rendered":"http:\/\/www.czaszegarkow.pl\/blog\/?p=356"},"modified":"2016-02-29T11:12:41","modified_gmt":"2016-02-29T09:12:41","slug":"kto-nosi-zegarki-daniel-wellington","status":"publish","type":"post","link":"https:\/\/www.czaszegarkow.pl\/blog\/kto-nosi-zegarki-daniel-wellington\/","title":{"rendered":"Kto nosi zegarki Daniel Wellington?"},"content":{"rendered":"<p>Jak si\u0119 okazuje zegarki Daniel Wellington, cho\u0107 s\u0105 bardzo proste s\u0105 te\u017c bardzo popularne. Pojawiaj\u0105 si\u0119 na r\u0119ku wielu znanych ludzi. Szczeg\u00f3ln\u0105 popularno\u015bci\u0105 ciesz\u0105 si\u0119 w\u015br\u00f3d ludzi medi\u00f3w i celebrytek modowych.<\/p>\n<p><!--more--><\/p>\n<p><strong>Marcin Prokop<\/strong><\/p>\n<p>Marcin Prokop kilka razy w tygodniu wita nas w telewizji \u015bniadaniowej TVN. Wraz z Dorot\u0105 Wellman porusza wa\u017cne tematy dla Polak\u00f3w w r\u00f3\u017cnym wieku, o r\u00f3\u017cnym wykszta\u0142ceniu czy potrzebach. Ponadto pojawia si\u0119 tak\u017ce jako prowadz\u0105cy na r\u00f3\u017cnych imprezach oraz w programach rozrywkowych. Jak mo\u017cna si\u0119 przekona\u0107 ceni sobie prostot\u0119, wygod\u0119 i funkcjonalno\u015b\u0107 i wybiera wygodne, proste stroje i dodatki \u2013 w tym r\u00f3wnie\u017c zegarki marki Daniel Wellington.<\/p>\n<p><img loading=\"lazy\" class=\"size-medium wp-image-357 aligncenter\" src=\"http:\/\/www.czaszegarkow.pl\/blog\/wp-content\/uploads\/2015\/11\/prokop.prop_360x.92fb639aa2-197x300.png\" alt=\"prokop.prop_360x.92fb639aa2\" width=\"197\" height=\"300\" srcset=\"https:\/\/www.czaszegarkow.pl\/blog\/wp-content\/uploads\/2015\/11\/prokop.prop_360x.92fb639aa2-197x300.png 197w, https:\/\/www.czaszegarkow.pl\/blog\/wp-content\/uploads\/2015\/11\/prokop.prop_360x.92fb639aa2.png 358w\" sizes=\"(max-width: 197px) 100vw, 197px\" \/><\/p>\n<p><strong>Anna Ibisz- Nowak<\/strong><\/p>\n<p>Przez d\u0142ugi czas kojarzona przede wszystkim ze swoim znanym ma\u0142\u017conkiem. Dzi\u015b jest zupe\u0142nie inaczej. Anna Ibisz-Nowak kojarzona jest przede wszystkim z prowadzonym przez siebie programem \u201ePani Gad\u017cet\u201d. W telewizji opowiada o bardziej lub mniej przydatnych nowinkach technicznych, a na co dzie\u0144 lubi za\u0142o\u017cy\u0107 prosty i <a href=\"http:\/\/www.czaszegarkow.pl\/daniel-wellington-classic-southampton-kremowy-tkanina-o36-mm-p-19507.html\">elegancki zegarek Daniel Wellington Classic Southampton<\/a>.<\/p>\n<p><img loading=\"lazy\" class=\"size-medium wp-image-358 aligncenter\" src=\"http:\/\/www.czaszegarkow.pl\/blog\/wp-content\/uploads\/2015\/11\/ibisz_nowak.prop_360x.3cf230cc0c-183x300.png\" alt=\"ibisz_nowak.prop_360x.3cf230cc0c\" width=\"183\" height=\"300\" srcset=\"https:\/\/www.czaszegarkow.pl\/blog\/wp-content\/uploads\/2015\/11\/ibisz_nowak.prop_360x.3cf230cc0c-183x300.png 183w, https:\/\/www.czaszegarkow.pl\/blog\/wp-content\/uploads\/2015\/11\/ibisz_nowak.prop_360x.3cf230cc0c.png 358w\" sizes=\"(max-width: 183px) 100vw, 183px\" \/><\/p>\n<p><strong>Paulina Sykut- Je\u017cyna<\/strong><\/p>\n<p>Paulina Sykut- Je\u017cyna to znana i lubiana prezenterka telewizyjna i modelka. Niedawno na swoim profilu spo\u0142eczno\u015bciowym pokaza\u0142a si\u0119 w zegarku Daniela Wellingtona. Jak wida\u0107 r\u00f3wnie\u017c ona lubi proste i eleganckie dodatki.<\/p>\n<p><strong>Blogerki modowe<\/strong><\/p>\n<p>Tak\u017ce znane blogerki modowe cz\u0119sto w swoich stylizacjach stawiaj\u0105 na klasyczne dodatki \u2013 w tym zegarki Daniela Wellingtona. Zegarki te pojawi\u0142y si\u0119 m.in. na blogach Pauli Jagodzi\u0144skiej, Pauliny Szabli\u0144skiej, Oli Marz\u0119dy czy Karoliny Baszak. Jak mo\u017cna si\u0119 przekona\u0107 proste zegarki DW idealnie pasuj\u0105 zar\u00f3wno do eleganckich jak i lu\u017anych stylizacji.<\/p>\n<p><img loading=\"lazy\" class=\"size-medium wp-image-359 aligncenter\" src=\"http:\/\/www.czaszegarkow.pl\/blog\/wp-content\/uploads\/2015\/11\/jagodzinska_1.prop_360x.05ad415f90-202x300.png\" alt=\"jagodzinska_1.prop_360x.05ad415f90\" width=\"202\" height=\"300\" srcset=\"https:\/\/www.czaszegarkow.pl\/blog\/wp-content\/uploads\/2015\/11\/jagodzinska_1.prop_360x.05ad415f90-202x300.png 202w, https:\/\/www.czaszegarkow.pl\/blog\/wp-content\/uploads\/2015\/11\/jagodzinska_1.prop_360x.05ad415f90.png 358w\" sizes=\"(max-width: 202px) 100vw, 202px\" \/><\/p>\n<p>&nbsp;<\/p>\n<p>&nbsp;<\/p>\n<p>&nbsp;<\/p>\n","protected":false},"excerpt":{"rendered":"<p>Jak si\u0119 okazuje zegarki Daniel Wellington, cho\u0107 s\u0105 bardzo proste s\u0105 te\u017c bardzo popularne. Pojawiaj\u0105 si\u0119 na r\u0119ku wielu znanych ludzi. Szczeg\u00f3ln\u0105 popularno\u015bci\u0105 ciesz\u0105 si\u0119 w\u015br\u00f3d ludzi medi\u00f3w i celebrytek modowych.<\/p>\n","protected":false},"author":1,"featured_media":360,"comment_status":"closed","ping_status":"open","sticky":false,"template":"","format":"standard","meta":[],"categories":[1],"tags":[167,201,200,168],"yoast_head":"<!-- This site is optimized with the Yoast SEO plugin v15.2 - https:\/\/yoast.com\/wordpress\/plugins\/seo\/ -->\n<title>Kto nosi zegarki Daniel Wellington? | Czaszegarkow.pl - blog o zegarkach znanych marek<\/title>\n<meta name=\"robots\" content=\"index, follow, max-snippet:-1, max-image-preview:large, max-video-preview:-1\" \/>\n<link rel=\"canonical\" href=\"https:\/\/www.czaszegarkow.pl\/blog\/kto-nosi-zegarki-daniel-wellington\/\" \/>\n<meta property=\"og:locale\" content=\"pl_PL\" \/>\n<meta property=\"og:type\" content=\"article\" \/>\n<meta property=\"og:title\" content=\"Kto nosi zegarki Daniel Wellington? | Czaszegarkow.pl - blog o zegarkach znanych marek\" \/>\n<meta property=\"og:description\" content=\"Jak si\u0119 okazuje zegarki Daniel Wellington, cho\u0107 s\u0105 bardzo proste s\u0105 te\u017c bardzo popularne. Pojawiaj\u0105 si\u0119 na r\u0119ku wielu znanych ludzi. Szczeg\u00f3ln\u0105 popularno\u015bci\u0105 ciesz\u0105 si\u0119 w\u015br\u00f3d ludzi medi\u00f3w i celebrytek modowych.\" \/>\n<meta property=\"og:url\" content=\"https:\/\/www.czaszegarkow.pl\/blog\/kto-nosi-zegarki-daniel-wellington\/\" \/>\n<meta property=\"og:site_name\" content=\"Czaszegarkow.pl - blog o zegarkach znanych marek\" \/>\n<meta property=\"article:published_time\" content=\"2015-11-24T14:21:52+00:00\" \/>\n<meta property=\"article:modified_time\" content=\"2016-02-29T09:12:41+00:00\" \/>\n<meta property=\"og:image\" content=\"https:\/\/www.czaszegarkow.pl\/blog\/wp-content\/uploads\/2015\/11\/neuer.prop_360x.109c48fe8c.png\" \/>\n\t<meta property=\"og:image:width\" content=\"358\" \/>\n\t<meta property=\"og:image:height\" content=\"360\" \/>\n<meta name=\"twitter:card\" content=\"summary_large_image\" \/>\n<meta name=\"twitter:label1\" value=\"Written by\">\n\t<meta name=\"twitter:data1\" value=\"bartosz\">\n\t<meta name=\"twitter:label2\" value=\"Est. reading time\">\n\t<meta name=\"twitter:data2\" value=\"1 minuta\">\n<script type=\"application\/ld+json\" class=\"yoast-schema-graph\">{\"@context\":\"https:\/\/schema.org\",\"@graph\":[{\"@type\":\"Organization\",\"@id\":\"https:\/\/www.czaszegarkow.pl\/blog\/#organization\",\"name\":\"Czas Zegark\\u00f3w\",\"url\":\"https:\/\/www.czaszegarkow.pl\/blog\/\",\"sameAs\":[],\"logo\":{\"@type\":\"ImageObject\",\"@id\":\"https:\/\/www.czaszegarkow.pl\/blog\/#logo\",\"inLanguage\":\"pl-PL\",\"url\":\"https:\/\/www.czaszegarkow.pl\/blog\/wp-content\/uploads\/2020\/03\/logo.png\",\"width\":262,\"height\":51,\"caption\":\"Czas Zegark\\u00f3w\"},\"image\":{\"@id\":\"https:\/\/www.czaszegarkow.pl\/blog\/#logo\"}},{\"@type\":\"WebSite\",\"@id\":\"https:\/\/www.czaszegarkow.pl\/blog\/#website\",\"url\":\"https:\/\/www.czaszegarkow.pl\/blog\/\",\"name\":\"Czaszegarkow.pl - blog o zegarkach znanych marek\",\"description\":\"Zegarki Hugo Boss, Guess, Armani, Omega, Casio nie maj\\u0105 przed nami tajemnic. Je\\u015bli interesuj\\u0105 Ci\\u0119 zegarki na prezent, zegarki damskie czy zegarki m\\u0119skie zapraszamy do lektury!\",\"publisher\":{\"@id\":\"https:\/\/www.czaszegarkow.pl\/blog\/#organization\"},\"potentialAction\":[{\"@type\":\"SearchAction\",\"target\":\"https:\/\/www.czaszegarkow.pl\/blog\/?s={search_term_string}\",\"query-input\":\"required name=search_term_string\"}],\"inLanguage\":\"pl-PL\"},{\"@type\":\"ImageObject\",\"@id\":\"https:\/\/www.czaszegarkow.pl\/blog\/kto-nosi-zegarki-daniel-wellington\/#primaryimage\",\"inLanguage\":\"pl-PL\",\"url\":\"https:\/\/www.czaszegarkow.pl\/blog\/wp-content\/uploads\/2015\/11\/neuer.prop_360x.109c48fe8c.png\",\"width\":358,\"height\":360},{\"@type\":\"WebPage\",\"@id\":\"https:\/\/www.czaszegarkow.pl\/blog\/kto-nosi-zegarki-daniel-wellington\/#webpage\",\"url\":\"https:\/\/www.czaszegarkow.pl\/blog\/kto-nosi-zegarki-daniel-wellington\/\",\"name\":\"Kto nosi zegarki Daniel Wellington? | Czaszegarkow.pl - blog o zegarkach znanych marek\",\"isPartOf\":{\"@id\":\"https:\/\/www.czaszegarkow.pl\/blog\/#website\"},\"primaryImageOfPage\":{\"@id\":\"https:\/\/www.czaszegarkow.pl\/blog\/kto-nosi-zegarki-daniel-wellington\/#primaryimage\"},\"datePublished\":\"2015-11-24T14:21:52+00:00\",\"dateModified\":\"2016-02-29T09:12:41+00:00\",\"breadcrumb\":{\"@id\":\"https:\/\/www.czaszegarkow.pl\/blog\/kto-nosi-zegarki-daniel-wellington\/#breadcrumb\"},\"inLanguage\":\"pl-PL\",\"potentialAction\":[{\"@type\":\"ReadAction\",\"target\":[\"https:\/\/www.czaszegarkow.pl\/blog\/kto-nosi-zegarki-daniel-wellington\/\"]}]},{\"@type\":\"BreadcrumbList\",\"@id\":\"https:\/\/www.czaszegarkow.pl\/blog\/kto-nosi-zegarki-daniel-wellington\/#breadcrumb\",\"itemListElement\":[{\"@type\":\"ListItem\",\"position\":1,\"item\":{\"@type\":\"WebPage\",\"@id\":\"https:\/\/www.czaszegarkow.pl\/blog\/\",\"url\":\"https:\/\/www.czaszegarkow.pl\/blog\/\",\"name\":\"Czas Zegark\\u00f3w\"}},{\"@type\":\"ListItem\",\"position\":2,\"item\":{\"@type\":\"WebPage\",\"@id\":\"https:\/\/www.czaszegarkow.pl\/blog\/kto-nosi-zegarki-daniel-wellington\/\",\"url\":\"https:\/\/www.czaszegarkow.pl\/blog\/kto-nosi-zegarki-daniel-wellington\/\",\"name\":\"Kto nosi zegarki Daniel Wellington?\"}}]},{\"@type\":\"Article\",\"@id\":\"https:\/\/www.czaszegarkow.pl\/blog\/kto-nosi-zegarki-daniel-wellington\/#article\",\"isPartOf\":{\"@id\":\"https:\/\/www.czaszegarkow.pl\/blog\/kto-nosi-zegarki-daniel-wellington\/#webpage\"},\"author\":{\"@id\":\"https:\/\/www.czaszegarkow.pl\/blog\/#\/schema\/person\/1de1d71a2bcb3e308d7ad8211566e4d8\"},\"headline\":\"Kto nosi zegarki Daniel Wellington?\",\"datePublished\":\"2015-11-24T14:21:52+00:00\",\"dateModified\":\"2016-02-29T09:12:41+00:00\",\"mainEntityOfPage\":{\"@id\":\"https:\/\/www.czaszegarkow.pl\/blog\/kto-nosi-zegarki-daniel-wellington\/#webpage\"},\"publisher\":{\"@id\":\"https:\/\/www.czaszegarkow.pl\/blog\/#organization\"},\"image\":{\"@id\":\"https:\/\/www.czaszegarkow.pl\/blog\/kto-nosi-zegarki-daniel-wellington\/#primaryimage\"},\"keywords\":\"Daniel Wellington,gwiazdy,zegarek Daniel Wellington,zegarki Daniel Wellington\",\"articleSection\":\"Uncategorized\",\"inLanguage\":\"pl-PL\"},{\"@type\":\"Person\",\"@id\":\"https:\/\/www.czaszegarkow.pl\/blog\/#\/schema\/person\/1de1d71a2bcb3e308d7ad8211566e4d8\",\"name\":\"bartosz\",\"image\":{\"@type\":\"ImageObject\",\"@id\":\"https:\/\/www.czaszegarkow.pl\/blog\/#personlogo\",\"inLanguage\":\"pl-PL\",\"url\":\"https:\/\/secure.gravatar.com\/avatar\/635176c725b468cdcccc4e608209808c?s=96&d=mm&r=g\",\"caption\":\"bartosz\"}}]}<\/script>\n<!-- \/ Yoast SEO plugin. -->","_links":{"self":[{"href":"https:\/\/www.czaszegarkow.pl\/blog\/wp-json\/wp\/v2\/posts\/356"}],"collection":[{"href":"https:\/\/www.czaszegarkow.pl\/blog\/wp-json\/wp\/v2\/posts"}],"about":[{"href":"https:\/\/www.czaszegarkow.pl\/blog\/wp-json\/wp\/v2\/types\/post"}],"author":[{"embeddable":true,"href":"https:\/\/www.czaszegarkow.pl\/blog\/wp-json\/wp\/v2\/users\/1"}],"replies":[{"embeddable":true,"href":"https:\/\/www.czaszegarkow.pl\/blog\/wp-json\/wp\/v2\/comments?post=356"}],"version-history":[{"count":2,"href":"https:\/\/www.czaszegarkow.pl\/blog\/wp-json\/wp\/v2\/posts\/356\/revisions"}],"predecessor-version":[{"id":487,"href":"https:\/\/www.czaszegarkow.pl\/blog\/wp-json\/wp\/v2\/posts\/356\/revisions\/487"}],"wp:featuredmedia":[{"embeddable":true,"href":"https:\/\/www.czaszegarkow.pl\/blog\/wp-json\/wp\/v2\/media\/360"}],"wp:attachment":[{"href":"https:\/\/www.czaszegarkow.pl\/blog\/wp-json\/wp\/v2\/media?parent=356"}],"wp:term":[{"taxonomy":"category","embeddable":true,"href":"https:\/\/www.czaszegarkow.pl\/blog\/wp-json\/wp\/v2\/categories?post=356"},{"taxonomy":"post_tag","embeddable":true,"href":"https:\/\/www.czaszegarkow.pl\/blog\/wp-json\/wp\/v2\/tags?post=356"}],"curies":[{"name":"wp","href":"https:\/\/api.w.org\/{rel}","templated":true}]}}