{"id":687,"date":"2016-09-22T07:41:49","date_gmt":"2016-09-22T05:41:49","guid":{"rendered":"http:\/\/www.czaszegarkow.pl\/blog\/?p=687"},"modified":"2016-09-08T10:47:31","modified_gmt":"2016-09-08T08:47:31","slug":"propozycje-kolorystyczne-tag-heuer","status":"publish","type":"post","link":"https:\/\/www.czaszegarkow.pl\/blog\/propozycje-kolorystyczne-tag-heuer\/","title":{"rendered":"Propozycje kolorystyczne Tag  Heuer"},"content":{"rendered":"<p>Doskonalenie przez 150 lat mechanizm\u00f3w zegark\u00f3w w przedsi\u0119biorstwie <strong>Tag Heuer <\/strong>si\u0119ga technicznych mo\u017cliwo\u015bci. \u015awiadcz\u0105 o tym sukcesy jego produkt\u00f3w na \u015bwiecie.<\/p>\n<p><!--more--><\/p>\n<p>Zaj\u0119to si\u0119 wi\u0119c tym, co otwiera przed projektantami nowe perspektywy: wzornictwem, kolorystyk\u0105. Np. w\u00a0 m\u0119skim eleganckim zegarku typu Racing z serii Monaco\u00a0 model\u00a0 CAW2111.FC6183 przewa\u017ca kolor niebieski tarczy, bransolety z krokodylej sk\u00f3ry, ale w ten podstawowy kolor ostro wcina si\u0119 czerwie\u0144 wskaz\u00f3wek sekundnika a\u00a0 tak\u017ce jeszcze dw\u00f3ch\u00a0 na ma\u0142ych prostok\u0105tnych tarczach z dodatkowymi funkcjami czasomierza o charakterze sportowym. Poza tym na tarczy wyra\u017anie zarysowuje si\u0119 biel\u00a0 wskaz\u00f3wek godzin i minut, markery. Kolorystyk\u0119 produktu wzbogaca szafirowe szk\u0142o. Cena rynkowa 20960, u nas 17799 z\u0142.<\/p>\n<p><strong>Niebiesko-\u017c\u00f3\u0142ty<\/strong><\/p>\n<p>Poni\u017cej 6 tys. z\u0142. mo\u017cna u nas naby\u0107 elegancki m\u0119ski zegarek sportowy model <a href=\"http:\/\/www.czaszegarkow.pl\/tag-heuer-niebieski-guma-p-285562.html\">SAR8A80. FT6060<\/a> utrzymany w kolorze niebiesko- \u017c\u00f3\u0142tym. Niebieska jest tarcza z bia\u0142ymi \u015bwiec\u0105cymi wskaz\u00f3wkami i markerami, za\u015b \u017c\u00f3\u0142ta gumowa bransoleta.<\/p>\n<p><img loading=\"lazy\" class=\"size-medium wp-image-689 aligncenter\" src=\"http:\/\/www.czaszegarkow.pl\/blog\/wp-content\/uploads\/2016\/09\/22-172x300.jpg\" alt=\"2\" width=\"172\" height=\"300\" srcset=\"https:\/\/www.czaszegarkow.pl\/blog\/wp-content\/uploads\/2016\/09\/22-172x300.jpg 172w, https:\/\/www.czaszegarkow.pl\/blog\/wp-content\/uploads\/2016\/09\/22.jpg 201w\" sizes=\"(max-width: 172px) 100vw, 172px\" \/><\/p>\n<p>Koperta, sprz\u0105czka, bezel s\u0105 tytanowe, a szk\u0142o szafirowe. \u015arednica &#8211; 46 mm, grubo\u015b\u0107 12,80 mm. Jest wyposa\u017cony w nap\u0119d kwarcowy zasilany bateriami, ruch sekundnika\u00a0 na osobnej tarczy skokowy. Ma\u00a0 stoper oraz wyra\u017any w bia\u0142ym okienku datownik. W oryginalnym pude\u0142eczku Tag\u00a0 Heuer, z dwuletni\u0105 gwarancj\u0105, klientowi dostarczany jest na nasz koszt.<\/p>\n<p><strong>Wielokolorowy<\/strong><\/p>\n<p>Na rynku do nabycia za 21810 z\u0142, a u nas za 18519 z\u0142,\u00a0 jest\u00a0 model CV5111.FC6335. Przez producenta m\u0119ski elegancki zegarek o charakterze sportowym okre\u015blony jako wielokolorowy. Przede wszystkim wielokolorowa jest tarcza z\u00a0 dominuj\u0105c\u0105 biel\u0105, z czarnymi mniejszymi tarczami z dodatkowymi funkcjami nieodzownymi w czasomierzu o charakterze sportowym, z czerwon\u0105 wskaz\u00f3wk\u0105 sekundnika, z bia\u0142ymi wskaz\u00f3wkami godzin i minut, z czerwonym logo.<\/p>\n<p><a href=\"http:\/\/www.czaszegarkow.pl\/blog\/wp-content\/uploads\/2016\/09\/31.jpg\"><img loading=\"lazy\" class=\"size-medium wp-image-690 aligncenter\" src=\"http:\/\/www.czaszegarkow.pl\/blog\/wp-content\/uploads\/2016\/09\/31-189x300.jpg\" alt=\"3\" width=\"189\" height=\"300\" srcset=\"https:\/\/www.czaszegarkow.pl\/blog\/wp-content\/uploads\/2016\/09\/31-189x300.jpg 189w, https:\/\/www.czaszegarkow.pl\/blog\/wp-content\/uploads\/2016\/09\/31.jpg 221w\" sizes=\"(max-width: 189px) 100vw, 189px\" \/><\/a><\/p>\n<p>Szk\u0142o szafirowe odporne na zarysowania. Bransoleta jest niebieska z ciel\u0119cej sk\u00f3ry. Ma \u015brednic\u0119 41 mm, grubo\u015b\u0107 14 mm. Materia\u0142em podstawowym jest\u00a0 polerowana stal. Tag Heuer daje dwuletni\u0105 gwarancj\u0119, a\u00a0 sklep nasz zapewnia darmow\u0105 przesy\u0142k\u0119.<\/p>\n","protected":false},"excerpt":{"rendered":"<p>Doskonalenie przez 150 lat mechanizm\u00f3w zegark\u00f3w w przedsi\u0119biorstwie Tag Heuer si\u0119ga technicznych mo\u017cliwo\u015bci. \u015awiadcz\u0105 o tym sukcesy jego produkt\u00f3w na \u015bwiecie.<\/p>\n","protected":false},"author":1,"featured_media":688,"comment_status":"closed","ping_status":"open","sticky":false,"template":"","format":"standard","meta":[],"categories":[1],"tags":[26,397,396],"yoast_head":"<!-- This site is optimized with the Yoast SEO plugin v15.2 - https:\/\/yoast.com\/wordpress\/plugins\/seo\/ -->\n<title>Propozycje kolorystyczne Tag Heuer | Czaszegarkow.pl - blog o zegarkach znanych marek<\/title>\n<meta name=\"robots\" content=\"index, follow, max-snippet:-1, max-image-preview:large, max-video-preview:-1\" \/>\n<link rel=\"canonical\" href=\"https:\/\/www.czaszegarkow.pl\/blog\/propozycje-kolorystyczne-tag-heuer\/\" \/>\n<meta property=\"og:locale\" content=\"pl_PL\" \/>\n<meta property=\"og:type\" content=\"article\" \/>\n<meta property=\"og:title\" content=\"Propozycje kolorystyczne Tag Heuer | Czaszegarkow.pl - blog o zegarkach znanych marek\" \/>\n<meta property=\"og:description\" content=\"Doskonalenie przez 150 lat mechanizm\u00f3w zegark\u00f3w w przedsi\u0119biorstwie Tag Heuer si\u0119ga technicznych mo\u017cliwo\u015bci. \u015awiadcz\u0105 o tym sukcesy jego produkt\u00f3w na \u015bwiecie.\" \/>\n<meta property=\"og:url\" content=\"https:\/\/www.czaszegarkow.pl\/blog\/propozycje-kolorystyczne-tag-heuer\/\" \/>\n<meta property=\"og:site_name\" content=\"Czaszegarkow.pl - blog o zegarkach znanych marek\" \/>\n<meta property=\"article:published_time\" content=\"2016-09-22T05:41:49+00:00\" \/>\n<meta property=\"article:modified_time\" content=\"2016-09-08T08:47:31+00:00\" \/>\n<meta property=\"og:image\" content=\"https:\/\/www.czaszegarkow.pl\/blog\/wp-content\/uploads\/2016\/09\/12.jpg\" \/>\n\t<meta property=\"og:image:width\" content=\"263\" \/>\n\t<meta property=\"og:image:height\" content=\"350\" \/>\n<meta name=\"twitter:card\" content=\"summary_large_image\" \/>\n<meta name=\"twitter:label1\" value=\"Written by\">\n\t<meta name=\"twitter:data1\" value=\"bartosz\">\n\t<meta name=\"twitter:label2\" value=\"Est. reading time\">\n\t<meta name=\"twitter:data2\" value=\"1 minuta\">\n<script type=\"application\/ld+json\" class=\"yoast-schema-graph\">{\"@context\":\"https:\/\/schema.org\",\"@graph\":[{\"@type\":\"Organization\",\"@id\":\"https:\/\/www.czaszegarkow.pl\/blog\/#organization\",\"name\":\"Czas Zegark\\u00f3w\",\"url\":\"https:\/\/www.czaszegarkow.pl\/blog\/\",\"sameAs\":[],\"logo\":{\"@type\":\"ImageObject\",\"@id\":\"https:\/\/www.czaszegarkow.pl\/blog\/#logo\",\"inLanguage\":\"pl-PL\",\"url\":\"https:\/\/www.czaszegarkow.pl\/blog\/wp-content\/uploads\/2020\/03\/logo.png\",\"width\":262,\"height\":51,\"caption\":\"Czas Zegark\\u00f3w\"},\"image\":{\"@id\":\"https:\/\/www.czaszegarkow.pl\/blog\/#logo\"}},{\"@type\":\"WebSite\",\"@id\":\"https:\/\/www.czaszegarkow.pl\/blog\/#website\",\"url\":\"https:\/\/www.czaszegarkow.pl\/blog\/\",\"name\":\"Czaszegarkow.pl - blog o zegarkach znanych marek\",\"description\":\"Zegarki Hugo Boss, Guess, Armani, Omega, Casio nie maj\\u0105 przed nami tajemnic. Je\\u015bli interesuj\\u0105 Ci\\u0119 zegarki na prezent, zegarki damskie czy zegarki m\\u0119skie zapraszamy do lektury!\",\"publisher\":{\"@id\":\"https:\/\/www.czaszegarkow.pl\/blog\/#organization\"},\"potentialAction\":[{\"@type\":\"SearchAction\",\"target\":\"https:\/\/www.czaszegarkow.pl\/blog\/?s={search_term_string}\",\"query-input\":\"required name=search_term_string\"}],\"inLanguage\":\"pl-PL\"},{\"@type\":\"ImageObject\",\"@id\":\"https:\/\/www.czaszegarkow.pl\/blog\/propozycje-kolorystyczne-tag-heuer\/#primaryimage\",\"inLanguage\":\"pl-PL\",\"url\":\"https:\/\/www.czaszegarkow.pl\/blog\/wp-content\/uploads\/2016\/09\/12.jpg\",\"width\":263,\"height\":350},{\"@type\":\"WebPage\",\"@id\":\"https:\/\/www.czaszegarkow.pl\/blog\/propozycje-kolorystyczne-tag-heuer\/#webpage\",\"url\":\"https:\/\/www.czaszegarkow.pl\/blog\/propozycje-kolorystyczne-tag-heuer\/\",\"name\":\"Propozycje kolorystyczne Tag Heuer | Czaszegarkow.pl - blog o zegarkach znanych marek\",\"isPartOf\":{\"@id\":\"https:\/\/www.czaszegarkow.pl\/blog\/#website\"},\"primaryImageOfPage\":{\"@id\":\"https:\/\/www.czaszegarkow.pl\/blog\/propozycje-kolorystyczne-tag-heuer\/#primaryimage\"},\"datePublished\":\"2016-09-22T05:41:49+00:00\",\"dateModified\":\"2016-09-08T08:47:31+00:00\",\"breadcrumb\":{\"@id\":\"https:\/\/www.czaszegarkow.pl\/blog\/propozycje-kolorystyczne-tag-heuer\/#breadcrumb\"},\"inLanguage\":\"pl-PL\",\"potentialAction\":[{\"@type\":\"ReadAction\",\"target\":[\"https:\/\/www.czaszegarkow.pl\/blog\/propozycje-kolorystyczne-tag-heuer\/\"]}]},{\"@type\":\"BreadcrumbList\",\"@id\":\"https:\/\/www.czaszegarkow.pl\/blog\/propozycje-kolorystyczne-tag-heuer\/#breadcrumb\",\"itemListElement\":[{\"@type\":\"ListItem\",\"position\":1,\"item\":{\"@type\":\"WebPage\",\"@id\":\"https:\/\/www.czaszegarkow.pl\/blog\/\",\"url\":\"https:\/\/www.czaszegarkow.pl\/blog\/\",\"name\":\"Czas Zegark\\u00f3w\"}},{\"@type\":\"ListItem\",\"position\":2,\"item\":{\"@type\":\"WebPage\",\"@id\":\"https:\/\/www.czaszegarkow.pl\/blog\/propozycje-kolorystyczne-tag-heuer\/\",\"url\":\"https:\/\/www.czaszegarkow.pl\/blog\/propozycje-kolorystyczne-tag-heuer\/\",\"name\":\"Propozycje kolorystyczne Tag Heuer\"}}]},{\"@type\":\"Article\",\"@id\":\"https:\/\/www.czaszegarkow.pl\/blog\/propozycje-kolorystyczne-tag-heuer\/#article\",\"isPartOf\":{\"@id\":\"https:\/\/www.czaszegarkow.pl\/blog\/propozycje-kolorystyczne-tag-heuer\/#webpage\"},\"author\":{\"@id\":\"https:\/\/www.czaszegarkow.pl\/blog\/#\/schema\/person\/1de1d71a2bcb3e308d7ad8211566e4d8\"},\"headline\":\"Propozycje kolorystyczne Tag Heuer\",\"datePublished\":\"2016-09-22T05:41:49+00:00\",\"dateModified\":\"2016-09-08T08:47:31+00:00\",\"mainEntityOfPage\":{\"@id\":\"https:\/\/www.czaszegarkow.pl\/blog\/propozycje-kolorystyczne-tag-heuer\/#webpage\"},\"publisher\":{\"@id\":\"https:\/\/www.czaszegarkow.pl\/blog\/#organization\"},\"image\":{\"@id\":\"https:\/\/www.czaszegarkow.pl\/blog\/propozycje-kolorystyczne-tag-heuer\/#primaryimage\"},\"keywords\":\"TAG Heuer,tag heuer monaco,zegarki TAG Heu\",\"articleSection\":\"Uncategorized\",\"inLanguage\":\"pl-PL\"},{\"@type\":\"Person\",\"@id\":\"https:\/\/www.czaszegarkow.pl\/blog\/#\/schema\/person\/1de1d71a2bcb3e308d7ad8211566e4d8\",\"name\":\"bartosz\",\"image\":{\"@type\":\"ImageObject\",\"@id\":\"https:\/\/www.czaszegarkow.pl\/blog\/#personlogo\",\"inLanguage\":\"pl-PL\",\"url\":\"https:\/\/secure.gravatar.com\/avatar\/635176c725b468cdcccc4e608209808c?s=96&d=mm&r=g\",\"caption\":\"bartosz\"}}]}<\/script>\n<!-- \/ Yoast SEO plugin. -->","_links":{"self":[{"href":"https:\/\/www.czaszegarkow.pl\/blog\/wp-json\/wp\/v2\/posts\/687"}],"collection":[{"href":"https:\/\/www.czaszegarkow.pl\/blog\/wp-json\/wp\/v2\/posts"}],"about":[{"href":"https:\/\/www.czaszegarkow.pl\/blog\/wp-json\/wp\/v2\/types\/post"}],"author":[{"embeddable":true,"href":"https:\/\/www.czaszegarkow.pl\/blog\/wp-json\/wp\/v2\/users\/1"}],"replies":[{"embeddable":true,"href":"https:\/\/www.czaszegarkow.pl\/blog\/wp-json\/wp\/v2\/comments?post=687"}],"version-history":[{"count":1,"href":"https:\/\/www.czaszegarkow.pl\/blog\/wp-json\/wp\/v2\/posts\/687\/revisions"}],"predecessor-version":[{"id":691,"href":"https:\/\/www.czaszegarkow.pl\/blog\/wp-json\/wp\/v2\/posts\/687\/revisions\/691"}],"wp:featuredmedia":[{"embeddable":true,"href":"https:\/\/www.czaszegarkow.pl\/blog\/wp-json\/wp\/v2\/media\/688"}],"wp:attachment":[{"href":"https:\/\/www.czaszegarkow.pl\/blog\/wp-json\/wp\/v2\/media?parent=687"}],"wp:term":[{"taxonomy":"category","embeddable":true,"href":"https:\/\/www.czaszegarkow.pl\/blog\/wp-json\/wp\/v2\/categories?post=687"},{"taxonomy":"post_tag","embeddable":true,"href":"https:\/\/www.czaszegarkow.pl\/blog\/wp-json\/wp\/v2\/tags?post=687"}],"curies":[{"name":"wp","href":"https:\/\/api.w.org\/{rel}","templated":true}]}}